{"id":898,"date":"2024-05-07T15:08:00","date_gmt":"2024-05-07T15:08:00","guid":{"rendered":"https:\/\/www.ogaebelgium.be\/?p=898"},"modified":"2025-04-29T12:09:08","modified_gmt":"2025-04-29T12:09:08","slug":"malmo-live-jury-semi-final-2","status":"publish","type":"post","link":"https:\/\/www.ogaebelgium.be\/fr\/malmo-live-jury-semi-final-2\/","title":{"rendered":"Malmo Live \u2013 Jury semi final 2"},"content":{"rendered":"\n<p>Serbie, Portugal, Slov\u00e9nie, Ukraine, Lituanie, Finlande, Chypre, Croatie, Irlande et Luxembourg, voici les 10 heureux pays qui se sont qualifi\u00e9s pour la finale de samedi! Je prends le relais de notre talentueuse Sofie pour vous retranscrire ce qui s\u2019est pass\u00e9 ce soir durant la Dress Rehearsal de la deuxi\u00e8me demi-finale, celle qui verra notre candidat, Mustii, d\u00e9fendre sa chanson. Je vais donc suivre pour vous cette r\u00e9p\u00e9tition dans le centre m\u00e9dia Online (qui connait parfois des rat\u00e9s)<\/p>\n\n\n\n<p>Le show de demain d\u00e9bute avec un r\u00e9capitulatif des premiers qualifi\u00e9s. Et nous retrouvons nos deux maitresses de c\u00e9r\u00e9monie avec une Petra Mede toujours aussi applaudie. Changement de tenue, Malena porte une robe brillante jaune et Petra, tr\u00e8s \u00e9l\u00e9gante, toute de rouge v\u00eatue!<\/p>\n\n\n\n<p>1. <strong>Malte<\/strong><\/p>\n\n\n\n<p>C\u2019est \u00e0 Sarah Bonnici que revient la lourde t\u00e2che d\u2019entamer la demi-finale. Aura-t-elle le m\u00eame succ\u00e8s que la chypriote hier? On retrouve en tout cas une formule assez similaire, une chanson pop, Sarah encha\u00eene les pas de danse, accompagn\u00e9e de quatre danseurs hommes. Dans l\u2019ensemble, c\u2019est une prestation plus relev\u00e9e que celle de sa voisine chypriote mais pas toujours irr\u00e9prochable vocalement.<\/p>\n\n\n\n<p>2. <strong>Albanie<\/strong><\/p>\n\n\n\n<p>On retrouve ensuite Besa pour l\u2019Albanie. Elle est aussi accompagn\u00e9e de danseuses mais la chor\u00e9graphie n\u2019apporte pas grand chose en plus. Elle semble particuli\u00e8rement stress\u00e9e et a perdu un peu de son aisance vocale par rapport \u00e0 la finale nationale albanaise.<\/p>\n\n\n\n<p>3. <strong>Gr\u00e8ce<\/strong><\/p>\n\n\n\n<p>De l\u2019Albanie \u00e0 la Gr\u00e8ce, le chemin n\u2019est pas bien long. Marina Satti d\u00e9bute sa chanson seule sur sc\u00e8ne et a quelques difficult\u00e9s \u00e0 assumer ce passage-l\u00e0. Elle est rejointe ensuite par des danseurs et la chor\u00e9graphie allie modernit\u00e9 et folklore. Je suis personnellement un grand fan de la chanson (qui divise, g\u00e9n\u00e9ralement) mais je suis un peu d\u00e9\u00e7u par sa prestation. Est-ce que ce sera suffisant pour passer en finale?<\/p>\n\n\n\n<p>4. <strong>Suisse<\/strong><\/p>\n\n\n\n<p>Place \u00e0 l\u2019un des grands favoris de cette \u00e9dition. Nemo est d\u2019une aisance vocale incroyable. Et pourtant, il ne m\u00e9nage pas ses efforts, il va d\u2019un sens \u00e0 l\u2019autre de la sc\u00e8ne en passant sur le podium rotatif central, celui que vous avez pu voir dans les vid\u00e9os des r\u00e9p\u00e9titions. Diff\u00e9rence par contre, il a chang\u00e9 de tenue. Petite jupe et veste un brin plus discr\u00e8te (mais vraiment tr\u00e8s l\u00e9g\u00e8rement), dans les tons orang\u00e9! Attention cependant, il a manqu\u00e9 parfois d\u2019\u00e9quilibre. Mais c\u2019est certainement la prestation la plus applaudie et convaincante jusqu\u2019\u00e0 pr\u00e9sent.<\/p>\n\n\n\n<p>5. <strong>Tch\u00e9quie<\/strong><\/p>\n\n\n\n<p>Nous retrouvons d\u00e9sormais Aiko et son titre \u00ab&nbsp;Pedestal&nbsp;\u00bb. Elle est accompagn\u00e9e de quatre danseuses. Quelle diff\u00e9rence par rapport \u00e0 la finale nationale tch\u00e8que! Beaucoup plus en place aussi bien dans les mouvements que vocalement. L\u2019ann\u00e9e pass\u00e9, le pays s\u2019\u00e9tait qualifi\u00e9 avec une chanson tr\u00e8s engag\u00e9e sur les questions de f\u00e9minisme. J\u2019imagine bien Aiko faire de m\u00eame. Une belle surprise.<\/p>\n\n\n\n<p>Ensuite, Malena revient pour rendre hommage \u00e0 Jan Teigen, candidat norv\u00e9gien malheureux des ann\u00e9es 70-80, connu entre autre pour sa belle chanson \u00ab&nbsp;Adieu&nbsp;\u00bb. Il nous a h\u00e9las quitt\u00e9s l\u2019ann\u00e9e pass\u00e9e. S\u2019en suit une vid\u00e9o sur quelques \u00ab&nbsp;z\u00e9ro point&nbsp;\u00bb notoires du concours.<\/p>\n\n\n\n<p>Et voici le premier des pays qualifi\u00e9s d\u2019office, la France et Slimane! Il d\u00e9bute sa prestation couch\u00e9, tout de blanc v\u00eatu. On a d\u00e9couvert sa chanson en novembre mais c\u2019est une version l\u00e9g\u00e8rement diff\u00e9rente qu\u2019il propose sur sc\u00e8ne. Il est terriblement charismatique et d\u00e9gage \u00e9norm\u00e9ment d\u2019\u00e9motions avec sa voix. Il propose la version a cappella comme lors des preshows. Je suis un peu moins convaincu par contre par la mani\u00e8re dont sa prestation est film\u00e9e.<\/p>\n\n\n\n<p>6. <strong>Autriche<\/strong><\/p>\n\n\n\n<p>Place d\u00e9sormais \u00e0 Kaleen et son \u00ab We Will Rave \u00bb. L\u2019autrichienne est bien soutenue par les voix pr\u00e9-enregistr\u00e9es. Mais aucun doute, sa chanson met l\u2019ambiance dans l\u2019Arena. Meilleure danseuse que chanteuse, la prestation est millimitr\u00e9e. Une des favorites des fans\u2026 Mais je suis quand m\u00eame perplexe. Le public va-t-il voter pour une prestation aussi bancale vocalement?<\/p>\n\n\n\n<p>7. <strong>Danemark<\/strong><\/p>\n\n\n\n<p>C\u2019est au tour de Saba, la candidate danoise! Pas de surprise dans la prestation, elle est fort similaire \u00e0 celle propos\u00e9e lors de la finale du MelodiGrandPrix. La candidate est statique sur un podium au centre de la sc\u00e8ne. Par contre, Saba semble compl\u00e8tement terroris\u00e9e par le stress et met un peu de temps \u00e0 prendre ses marques et \u00e0 faire preuve d\u2019un peu d\u2019assurance. Vocalement, c\u2019est vraiment tr\u00e8s tr\u00e8s limite, rien \u00e0 voir avec la version studio. Je crains que la qualification soit compliqu\u00e9e pour le Danemark.<\/p>\n\n\n\n<p>8. <strong>Arm\u00e9nie<\/strong><\/p>\n\n\n\n<p>Nous poursuivons avec le duo arm\u00e9nien Ladaniva! Voil\u00e0 une prestation qui se d\u00e9marque clairement avec son c\u00f4t\u00e9 folklorique. Ici, on a nettement moins de probl\u00e8mes vocalement, c\u2019est bien en place! Quel bonheur de trouver des sonorit\u00e9s aussi folkloriques \u00e0 l\u2019Eurovision. Le public se laisse emport\u00e9 et il est souvent film\u00e9 par la r\u00e9alisation.<\/p>\n\n\n\n<p>Petite pause avec nos deux pr\u00e9sentatrices qui rendent hommage aux fans et tout particuli\u00e8rement francophones, hispanophones (Petra avoue son penchant pour la chanson espagnole) et italianophones (Malena est mari\u00e9e \u00e0 un italien de Naples).<\/p>\n\n\n\n<p>9. <strong>Lettonie<\/strong><\/p>\n\n\n\n<p>Dons est le repr\u00e9sentant letton cette ann\u00e9e, pays qui a beaucoup de difficult\u00e9 \u00e0 se qualifier en finale. 2024 sera-t-elle la bonne? Tout de bleu v\u00eatu, au centre d\u2019un grand cercle dor\u00e9, voil\u00e0 encore un candidat qui semble un peu stress\u00e9 au d\u00e9but de sa prestation. Et m\u00eame s\u2019il s\u2019en sort finalement pas trop mal vocalement, j\u2019ai un peu peur que le spectateur s\u2019ennuie devant cette prestation un peu monotone.<\/p>\n\n\n\n<p>Deuxi\u00e8me pays qualifi\u00e9 d\u2019office pour la finale, l\u2019Espagne! Une prestation en tout point similaire \u00e0 celle du Benidorm Fest sc\u00e9niquement parlant. Mais en voil\u00e0 une autre qui semble terroris\u00e9e. Ou un mauvais retour son? En tout cas, elle doit m\u00eame s\u2019arr\u00eater de chanter tellement elle est hors du rythme. Il va falloir am\u00e9liorer \u00e7a pour demain et samedi\u2026 La prestation reste cependant tr\u00e8s applaudie et appr\u00e9ci\u00e9e du public pr\u00e9sent dans la salle.<\/p>\n\n\n\n<p>10. <strong>Saint-Marin<\/strong><\/p>\n\n\n\n<p>Sans doute pas une co\u00efncidence si la production \u00e0 d\u00e9cider de faire passer Megara, le groupe espagnol qui repr\u00e9sente San Marin juste apr\u00e8s l\u2019Espagne. Apr\u00e8s la r\u00e9p\u00e9tition de cette apr\u00e8s-midi, les membres de la presse qui ont assist\u00e9 \u00e0 la r\u00e9p\u00e9tition pla\u00e7ait le pays dans ses 10 qualifi\u00e9s. Cela reste un v\u00e9ritable myst\u00e8re pour moi car m\u00eame si la prestation est originale et \u00e9nergique, je trouve \u00e7a peu agr\u00e9able \u00e0 \u00e9couter\u2026<\/p>\n\n\n\n<p>11. <strong>G\u00e9orgie<\/strong><\/p>\n\n\n\n<p>Et voici Nutsa qui d\u00e9barque pour chanter son \u00ab&nbsp;Firefighter&nbsp;\u00bb. Je vous avoue que notre connexion est tr\u00e8s instable sur le centre de presse online ce qui est un peu frustrant. Que dire si ce n\u2019est que 1. on retrouve le m\u00eame format, une chanteuse (assez bonne) avec 4 danseurs hommes et que 2. j\u2019esp\u00e8re que la retransmission sera meilleure pour le candidat suivant\u2026 (si vous voyez ce que je veux dire).<\/p>\n\n\n\n<p>12. <strong>Belgique<\/strong><\/p>\n\n\n\n<p>Et donc forc\u00e9ment, la retransmission bloque compl\u00e8tement alors que doit arriver sur sc\u00e8ne notre candidat, Mustii. Que dire du coup? Dans le Press Center vote, il est pas tr\u00e8s bien class\u00e9. Mais nos \u00e9chos de la salle de presse et de la salle sont par contre tr\u00e8s positifs pour sa prestation de ce soir. Notre ami Christophe Cornu m\u2019\u00e9crit d\u2019ailleurs: \u00ab&nbsp;sa meilleure prestation&nbsp;\u00bb. Il semble cependant qu\u2019il y a eu quelques soucis techniques, la plateforme avec les micros ne tournait pas et pas de fum\u00e9e sur la sc\u00e8ne.<\/p>\n\n\n\n<p>13. <strong>Estonie<\/strong><\/p>\n\n\n\n<p>La transition avec l\u2019Estonie sera potentiellement \u00e0 l\u2019avantage de Mustii. Le challenge principal sera de prononcer correctement le titre pour les commentateurs du concours! On perd le c\u00f4t\u00e9 sympa de la petite finale estonienne sur cette grande sc\u00e8ne de l\u2019Eurovision<\/p>\n\n\n\n<p>Et voici enfin l\u2019Italie, derni\u00e8re des qualifi\u00e9s d\u2019office \u00e0 se produire. Angelina Mango est parfaite vocalement et elle d\u00e9gage \u00e9norm\u00e9ment d\u2019\u00e9nergie sur sc\u00e8ne. Je ne suis pas convaincu par sa tenue, encore moins par les chaussures blanches qu\u2019elle porte et qui contraste avec celles de ses danseurs.<\/p>\n\n\n\n<p>14. <strong>Isra\u00ebl<\/strong><\/p>\n\n\n\n<p>Ce qu\u2019il fallait craindre arriva\u2026 Le d\u00e9but de la chanson isra\u00e9lienne d\u00e9bute par quelques hu\u00e9es. Cela ne semble pas trop la d\u00e9stabiliser. Vocalement, elle tient la route et la mise en sc\u00e8ne est r\u00e9ussie. Mais la prestation se termine \u00e9galement par des hu\u00e9es\u2026 Nous ne rentrerons pas dans le grand d\u00e9bat sur la participation isra\u00e9lienne ici. Je plains cependant la pression que doit porter la jeune Eden Golan.<\/p>\n\n\n\n<p>15. <strong>Norv\u00e8ge<\/strong><\/p>\n\n\n\n<p>Je vous avoue que je suis encore un peu perturb\u00e9 par le passage isra\u00e9lien quand commence la prestation norv\u00e9gienne. Mais au finale, je ne loupe pas grand chose vu que nous avons droit \u00e0 une performance totalement similaire \u00e0 celle de la finale du MGP. Cela pourrait passer pour la Norv\u00e8ge!<\/p>\n\n\n\n<p>16. <strong>Pays-Bas<\/strong><\/p>\n\n\n\n<p>Et pour finir, voici enfin Joost, un des autres favoris de cette \u00e9dition. En tant que francophone belge, je suis peut-\u00eatre un peu plus objectif que mes amis flamands qui ont une relation plus particuli\u00e8re avec nos voisins du Nord! ???? (Comme nous, francophones, ne supportons pas toujours nos voisins du sud\u2026 haha). Soyons francs\u2026 Joost n\u2019est vraiment pas le meilleur chanteur\u2026 Loin de l\u00e0! C\u2019est un peu une catastrophe \u00e0 ce niveau l\u00e0. Mais la prestation est tr\u00e8s appr\u00e9ci\u00e9 par le public de l\u2019Arena et le final \u00e9mouvant de la version live fait son petit effet. Je reste cependant dubitatif\u2026 Les Pays-Bas dans le top 5? J\u2019ai un doute\u2026<\/p>\n\n\n\n<p>Petra appara\u00eet\u2026 ET BONNE NOUVELLE! il y a bien eu un probl\u00e8me technique et donc nous pouvons revoir Mustiii!!!!! Trop content! Dans la carte postale, on le voit d\u00e9guster une gaufre avec son chien, pr\u00e8s de la Grand-Place de Bruxelles.<\/p>\n\n\n\n<p>Et cette fois-ci, je peux vous dire que la prestation de Mustii est plut\u00f4t r\u00e9ussie. Vocalement, je ne trouve pas \u00e7a irr\u00e9prochable, sans doute un peu de nervosit\u00e9. Mais quel charisme! Et vraiment une prestation qui se d\u00e9marque du reste des participations. Bravo \u00e0 lui pour toute son \u00e9nergie! Il faudra le soutenir \u00e0 fond demain et inciter tous vos amis europ\u00e9ens \u00e0 voter pour lui!<\/p>\n\n\n\n<p>On d\u00e9bute l\u2019entracte avec un immense karaoke et l\u2019apparition de Helena Paparizou et son l\u00e9gendaire \u00ab My Number One \u00bb! Elle est suivie par Charlotte Perrelli qui chante \u00ab Take me to your heaven \u00bb. Les deux pr\u00e9sentatrices sont dans le public pour faire chanter les spectateurs. Et enfin, Sertab Erener est l\u00e0 avec \u00ab Everyway That I Can \u00bb, une chanson qu\u2019on aime mais qui nous rappelle de mauvais souvenirs (Urban Trad, on vous aime!). Trois divas pour un moment agr\u00e9able!<\/p>\n\n\n\n<p>Et si vous vouliez voir Petra chanter\u2026 restez bien jusqu\u2019au bout la demi-finale ????<\/p>\n\n\n\n<p>Et pour la petite histoire, le dernier qualifi\u00e9 de la r\u00e9p\u00e9tition \u00e9tait\u2026 la Belgique ????<\/p>\n\n\n\n<p>Love xoxo<\/p>\n\n\n\n<p>Didier<\/p>\n\n\n\n<p>Pictures by <a href=\"https:\/\/eurovision.tv\/\">eurovision.tv<\/a><\/p>\n\n\n\n<ul class=\"wp-block-list\"><\/ul>\n\n\n\n<p><\/p>\n","protected":false},"excerpt":{"rendered":"<p>Serbie, Portugal, Slov\u00e9nie, Ukraine, Lituanie, Finlande, Chypre, Croatie, Irlande et Luxembourg, voici les 10 heureux pays qui se sont qualifi\u00e9s [&hellip;]<\/p>\n","protected":false},"author":2,"featured_media":405,"comment_status":"open","ping_status":"open","sticky":false,"template":"","format":"standard","meta":{"_acf_changed":false,"_seopress_robots_primary_cat":"","_seopress_titles_title":"","_seopress_titles_desc":"","_seopress_robots_index":"","site-sidebar-layout":"default","site-content-layout":"","ast-site-content-layout":"default","site-content-style":"default","site-sidebar-style":"default","ast-global-header-display":"","ast-banner-title-visibility":"","ast-main-header-display":"","ast-hfb-above-header-display":"","ast-hfb-below-header-display":"","ast-hfb-mobile-header-display":"","site-post-title":"","ast-breadcrumbs-content":"","ast-featured-img":"","footer-sml-layout":"","ast-disable-related-posts":"","theme-transparent-header-meta":"","adv-header-id-meta":"","stick-header-meta":"","header-above-stick-meta":"","header-main-stick-meta":"","header-below-stick-meta":"","astra-migrate-meta-layouts":"default","ast-page-background-enabled":"default","ast-page-background-meta":{"desktop":{"background-color":"var(--ast-global-color-5)","background-image":"","background-repeat":"repeat","background-position":"center center","background-size":"auto","background-attachment":"scroll","background-type":"","background-media":"","overlay-type":"","overlay-color":"","overlay-opacity":"","overlay-gradient":""},"tablet":{"background-color":"","background-image":"","background-repeat":"repeat","background-position":"center center","background-size":"auto","background-attachment":"scroll","background-type":"","background-media":"","overlay-type":"","overlay-color":"","overlay-opacity":"","overlay-gradient":""},"mobile":{"background-color":"","background-image":"","background-repeat":"repeat","background-position":"center center","background-size":"auto","background-attachment":"scroll","background-type":"","background-media":"","overlay-type":"","overlay-color":"","overlay-opacity":"","overlay-gradient":""}},"ast-content-background-meta":{"desktop":{"background-color":"var(--ast-global-color-4)","background-image":"","background-repeat":"repeat","background-position":"center center","background-size":"auto","background-attachment":"scroll","background-type":"","background-media":"","overlay-type":"","overlay-color":"","overlay-opacity":"","overlay-gradient":""},"tablet":{"background-color":"var(--ast-global-color-4)","background-image":"","background-repeat":"repeat","background-position":"center center","background-size":"auto","background-attachment":"scroll","background-type":"","background-media":"","overlay-type":"","overlay-color":"","overlay-opacity":"","overlay-gradient":""},"mobile":{"background-color":"var(--ast-global-color-4)","background-image":"","background-repeat":"repeat","background-position":"center center","background-size":"auto","background-attachment":"scroll","background-type":"","background-media":"","overlay-type":"","overlay-color":"","overlay-opacity":"","overlay-gradient":""}},"footnotes":""},"categories":[12],"tags":[],"class_list":["post-898","post","type-post","status-publish","format-standard","has-post-thumbnail","hentry","category-non-categorise"],"acf":[],"_links":{"self":[{"href":"https:\/\/www.ogaebelgium.be\/fr\/wp-json\/wp\/v2\/posts\/898","targetHints":{"allow":["GET"]}}],"collection":[{"href":"https:\/\/www.ogaebelgium.be\/fr\/wp-json\/wp\/v2\/posts"}],"about":[{"href":"https:\/\/www.ogaebelgium.be\/fr\/wp-json\/wp\/v2\/types\/post"}],"author":[{"embeddable":true,"href":"https:\/\/www.ogaebelgium.be\/fr\/wp-json\/wp\/v2\/users\/2"}],"replies":[{"embeddable":true,"href":"https:\/\/www.ogaebelgium.be\/fr\/wp-json\/wp\/v2\/comments?post=898"}],"version-history":[{"count":1,"href":"https:\/\/www.ogaebelgium.be\/fr\/wp-json\/wp\/v2\/posts\/898\/revisions"}],"predecessor-version":[{"id":899,"href":"https:\/\/www.ogaebelgium.be\/fr\/wp-json\/wp\/v2\/posts\/898\/revisions\/899"}],"wp:featuredmedia":[{"embeddable":true,"href":"https:\/\/www.ogaebelgium.be\/fr\/wp-json\/wp\/v2\/media\/405"}],"wp:attachment":[{"href":"https:\/\/www.ogaebelgium.be\/fr\/wp-json\/wp\/v2\/media?parent=898"}],"wp:term":[{"taxonomy":"category","embeddable":true,"href":"https:\/\/www.ogaebelgium.be\/fr\/wp-json\/wp\/v2\/categories?post=898"},{"taxonomy":"post_tag","embeddable":true,"href":"https:\/\/www.ogaebelgium.be\/fr\/wp-json\/wp\/v2\/tags?post=898"}],"curies":[{"name":"wp","href":"https:\/\/api.w.org\/{rel}","templated":true}]}}