{"id":3838,"date":"2026-05-03T09:02:48","date_gmt":"2026-05-03T09:02:48","guid":{"rendered":"https:\/\/www.ogaebelgium.be\/il-y-a-40-ans-sandra-kim\/"},"modified":"2026-05-03T09:12:42","modified_gmt":"2026-05-03T09:12:42","slug":"il-y-a-40-ans-sandra-kim","status":"publish","type":"post","link":"https:\/\/www.ogaebelgium.be\/fr\/il-y-a-40-ans-sandra-kim\/","title":{"rendered":"Il y a 40 ans, Sandra Kim&#8230;"},"content":{"rendered":"\n<p>Il y a 40 ans, Sandra Kim offrait \u00e0 la Belgique sa premi\u00e8re \u2014 et unique \u2014 victoire \u00e0 l\u2019Eurovision. Chaque mois de mai r\u00e9veille ce m\u00eame frisson chez les passionn\u00e9s du concours\u2026 cette attente presque solennelle de l\u2019instant o\u00f9 r\u00e9sonnent les premi\u00e8res notes du Te Deum de Marc-Antoine Charpentier. Alors que notre comp\u00e9tition bien-aim\u00e9e c\u00e9l\u00e8bre cette ann\u00e9e ses 70 ans, une question s\u2019impose : \u00e0 quoi devons-nous nous attendre pour cette \u00e9dition 2026 ?<\/p>\n\n\n\n<p>Cette ann\u00e9e, le concours se tiendra \u00e0 Vienne, les 12, 14 et 16 mai. Pour d\u00e9fendre les couleurs belges, c\u2019est Essyla, finaliste de The Voice Belgique en 2021, qui montera sur sc\u00e8ne avec son titre \u00ab Dancing on the Ice \u00bb. Elle tentera de d\u00e9crocher sa place en finale lors de la premi\u00e8re demi-finale. Soyons honn\u00eates : la Belgique ne figure pas parmi les favoris cette ann\u00e9e. Comme souvent, il faudra probablement se battre pour une place dans le top 10 qualificatif. Mais l\u2019Eurovision n\u2019a jamais \u00e9t\u00e9 une science exacte. Sa magie op\u00e8re en direct, sur sc\u00e8ne, l\u00e0 o\u00f9 tout peut basculer en quelques minutes. Nous en savons quelque chose : favoris en 2024 et 2025 sans concr\u00e9tisation, nous avions pourtant cr\u00e9\u00e9 la surprise en 2023 lorsque Gustaph, annonc\u00e9 loin dans les classements, avait finalement d\u00e9croch\u00e9 une brillante 7e place.       <\/p>\n\n\n\n<p>Au-del\u00e0 des pronostics, l\u2019essentiel reste ailleurs : soutenir notre artiste.<br>Pour Essyla, l\u2019Eurovision est bien plus qu\u2019un concours. C\u2019est un r\u00eave devenu r\u00e9alit\u00e9 : celui de se produire sur une sc\u00e8ne immense, devant des millions de t\u00e9l\u00e9spectateurs. Et elle le vit avec une sinc\u00e9rit\u00e9, une humilit\u00e9 et une maturit\u00e9 remarquables. Rien que pour cela, elle a d\u00e9j\u00e0 gagn\u00e9 et nous lui disons MERCI pour ce bel exemple.   <\/p>\n\n\n\n<p>Vous pouvez d\u2019ailleurs retrouver <a href=\"https:\/\/www.youtube.com\/watch?v=imzGIWk8IRU\" data-type=\"link\" data-id=\"https:\/\/www.youtube.com\/watch?v=imzGIWk8IRU\">notre derni\u00e8re interview d\u2019Essyla sur notre cha\u00eene YouTube.<\/a><\/p>\n\n\n\n<p>Cette \u00e9dition 2026 s\u2019inscrit toutefois dans un contexte particulier. Le retrait de cinq pays, dont les Pays-Bas, a marqu\u00e9 les esprits. Certains fans ont vu leur enthousiasme s\u2019\u00e9roder, d\u00e9\u00e7us ou en d\u00e9saccord avec certaines orientations du concours. Face \u00e0 cela, chacun r\u00e9agit \u00e0 sa mani\u00e8re. Certains choisissent de faire l\u2019impasse et de boycotter cette \u00e9dition. D\u2019autres seront \u00e0 Vienne, drapeau belge \u00e0 la main, pr\u00eats \u00e0 vivre leur passion pleinement.     <\/p>\n\n\n\n<p>Et puis, il y a ceux \u2014 nombreux \u2014 qui resteront chez eux. Qui suivront le concours avec une pointe de nostalgie, le c\u0153ur parfois un peu lourd. Il n\u2019existe pas de bonne ou de mauvaise fa\u00e7on de vivre cette \u00e9dition : chacun la traverse avec ses \u00e9motions. Nous les respectons toutes.   <\/p>\n\n\n\n<p>Mais attention, au fond, l\u2019Eurovision nous a offert bien plus qu\u2019un spectacle et\/ou des pol\u00e9miques. Il a \u00e9t\u00e9 un lieu de rencontres, d\u2019\u00e9motions, parfois m\u00eame d\u2019histoires de vie. Pour beaucoup, il repr\u00e9sente une v\u00e9ritable famille. Et c\u2019est surtout dans cet esprit-l\u00e0 que OGAE Belgium souhaite continuer d\u2019exister : comme un espace s\u00fbr, ouvert et bienveillant. Un lieu d\u2019\u00e9change o\u00f9 se retrouvent nostalgiques et passionn\u00e9s de modernit\u00e9, amateurs de paillettes comme amoureux des belles paroles. Notre ambition reste la m\u00eame : vous permettre de rencontrer d\u2019autres fans \u2014 d\u2019hier et d\u2019aujourd\u2019hui \u2014 qui, peut-\u00eatre, deviendront des amis pour la vie.     <\/p>\n\n\n\n<p>Enfin, cette ann\u00e9e rev\u00eat une dimension toute particuli\u00e8re pour nous, puisque nous c\u00e9l\u00e9brons les 35 ans de notre fan club. Alors, quel que soit votre \u00e9tat d\u2019esprit \u00e0 l\u2019approche de cette \u00e9dition viennoise, nous esp\u00e9rons vous retrouver, membres, non-membres, anciens membres, lors de nos prochaines activit\u00e9s \u2014 et tout particuli\u00e8rement le 24 octobre \u2014 pour c\u00e9l\u00e9brer ensemble toutes ces raisons qui font de l\u2019Eurovision bien plus qu\u2019un simple concours : une grande et belle famille. <\/p>\n\n\n\n<p><\/p>\n","protected":false},"excerpt":{"rendered":"<p>Il y a 40 ans, Sandra Kim offrait \u00e0 la Belgique sa premi\u00e8re \u2014 et unique \u2014 victoire \u00e0 l\u2019Eurovision. [&hellip;]<\/p>\n","protected":false},"author":5,"featured_media":3836,"comment_status":"open","ping_status":"open","sticky":false,"template":"","format":"standard","meta":{"_acf_changed":false,"_seopress_robots_primary_cat":"","_seopress_titles_title":"","_seopress_titles_desc":"","_seopress_robots_index":"","site-sidebar-layout":"default","site-content-layout":"","ast-site-content-layout":"default","site-content-style":"default","site-sidebar-style":"default","ast-global-header-display":"","ast-banner-title-visibility":"","ast-main-header-display":"","ast-hfb-above-header-display":"","ast-hfb-below-header-display":"","ast-hfb-mobile-header-display":"","site-post-title":"","ast-breadcrumbs-content":"","ast-featured-img":"","footer-sml-layout":"","ast-disable-related-posts":"","theme-transparent-header-meta":"","adv-header-id-meta":"","stick-header-meta":"","header-above-stick-meta":"","header-main-stick-meta":"","header-below-stick-meta":"","astra-migrate-meta-layouts":"default","ast-page-background-enabled":"default","ast-page-background-meta":{"desktop":{"background-color":"var(--ast-global-color-5)","background-image":"","background-repeat":"repeat","background-position":"center center","background-size":"auto","background-attachment":"scroll","background-type":"","background-media":"","overlay-type":"","overlay-color":"","overlay-opacity":"","overlay-gradient":""},"tablet":{"background-color":"","background-image":"","background-repeat":"repeat","background-position":"center center","background-size":"auto","background-attachment":"scroll","background-type":"","background-media":"","overlay-type":"","overlay-color":"","overlay-opacity":"","overlay-gradient":""},"mobile":{"background-color":"","background-image":"","background-repeat":"repeat","background-position":"center center","background-size":"auto","background-attachment":"scroll","background-type":"","background-media":"","overlay-type":"","overlay-color":"","overlay-opacity":"","overlay-gradient":""}},"ast-content-background-meta":{"desktop":{"background-color":"var(--ast-global-color-4)","background-image":"","background-repeat":"repeat","background-position":"center center","background-size":"auto","background-attachment":"scroll","background-type":"","background-media":"","overlay-type":"","overlay-color":"","overlay-opacity":"","overlay-gradient":""},"tablet":{"background-color":"var(--ast-global-color-4)","background-image":"","background-repeat":"repeat","background-position":"center center","background-size":"auto","background-attachment":"scroll","background-type":"","background-media":"","overlay-type":"","overlay-color":"","overlay-opacity":"","overlay-gradient":""},"mobile":{"background-color":"var(--ast-global-color-4)","background-image":"","background-repeat":"repeat","background-position":"center center","background-size":"auto","background-attachment":"scroll","background-type":"","background-media":"","overlay-type":"","overlay-color":"","overlay-opacity":"","overlay-gradient":""}},"footnotes":""},"categories":[12],"tags":[],"class_list":["post-3838","post","type-post","status-publish","format-standard","has-post-thumbnail","hentry","category-non-categorise"],"acf":[],"_links":{"self":[{"href":"https:\/\/www.ogaebelgium.be\/fr\/wp-json\/wp\/v2\/posts\/3838","targetHints":{"allow":["GET"]}}],"collection":[{"href":"https:\/\/www.ogaebelgium.be\/fr\/wp-json\/wp\/v2\/posts"}],"about":[{"href":"https:\/\/www.ogaebelgium.be\/fr\/wp-json\/wp\/v2\/types\/post"}],"author":[{"embeddable":true,"href":"https:\/\/www.ogaebelgium.be\/fr\/wp-json\/wp\/v2\/users\/5"}],"replies":[{"embeddable":true,"href":"https:\/\/www.ogaebelgium.be\/fr\/wp-json\/wp\/v2\/comments?post=3838"}],"version-history":[{"count":2,"href":"https:\/\/www.ogaebelgium.be\/fr\/wp-json\/wp\/v2\/posts\/3838\/revisions"}],"predecessor-version":[{"id":3841,"href":"https:\/\/www.ogaebelgium.be\/fr\/wp-json\/wp\/v2\/posts\/3838\/revisions\/3841"}],"wp:featuredmedia":[{"embeddable":true,"href":"https:\/\/www.ogaebelgium.be\/fr\/wp-json\/wp\/v2\/media\/3836"}],"wp:attachment":[{"href":"https:\/\/www.ogaebelgium.be\/fr\/wp-json\/wp\/v2\/media?parent=3838"}],"wp:term":[{"taxonomy":"category","embeddable":true,"href":"https:\/\/www.ogaebelgium.be\/fr\/wp-json\/wp\/v2\/categories?post=3838"},{"taxonomy":"post_tag","embeddable":true,"href":"https:\/\/www.ogaebelgium.be\/fr\/wp-json\/wp\/v2\/tags?post=3838"}],"curies":[{"name":"wp","href":"https:\/\/api.w.org\/{rel}","templated":true}]}}